{"id":1904,"date":"2025-06-21T14:12:20","date_gmt":"2025-06-21T12:12:20","guid":{"rendered":"https:\/\/ruedesproducteurs.fr\/pro\/?p=1904"},"modified":"2025-06-23T10:24:52","modified_gmt":"2025-06-23T08:24:52","slug":"panier-garni-lyonnais-idees-cadeaux-de-specialites-locales","status":"publish","type":"post","link":"https:\/\/ruedesproducteurs.fr\/pro\/panier-garni-lyonnais-idees-cadeaux-de-specialites-locales\/","title":{"rendered":"Panier garni de sp\u00e9cialit\u00e9s lyonnaises \u00e0 offrir  : produits locaux, tradition et gastronomie"},"content":{"rendered":"\t\t<div data-elementor-type=\"wp-post\" data-elementor-id=\"1904\" class=\"elementor elementor-1904\">\n\t\t\t\t\t\t\t<div class=\"elementor-element elementor-element-3cc914c e-flex e-con-boxed e-con e-parent\" data-id=\"3cc914c\" data-element_type=\"container\" data-settings=\"{&quot;content_width&quot;:&quot;boxed&quot;}\" data-core-v316-plus=\"true\">\n\t\t\t\t\t<div class=\"e-con-inner\">\n\t\t\t\t<div class=\"elementor-element elementor-element-22164de elementor-widget elementor-widget-text-editor\" data-id=\"22164de\" data-element_type=\"widget\" data-widget_type=\"text-editor.default\">\n\t\t\t\t<div class=\"elementor-widget-container\">\n\t\t\t<style>\/*! elementor - v3.16.0 - 12-09-2023 *\/\n.elementor-widget-text-editor.elementor-drop-cap-view-stacked .elementor-drop-cap{background-color:#69727d;color:#fff}.elementor-widget-text-editor.elementor-drop-cap-view-framed .elementor-drop-cap{color:#69727d;border:3px solid;background-color:transparent}.elementor-widget-text-editor:not(.elementor-drop-cap-view-default) .elementor-drop-cap{margin-top:8px}.elementor-widget-text-editor:not(.elementor-drop-cap-view-default) .elementor-drop-cap-letter{width:1em;height:1em}.elementor-widget-text-editor .elementor-drop-cap{float:left;text-align:center;line-height:1;font-size:50px}.elementor-widget-text-editor .elementor-drop-cap-letter{display:inline-block}<\/style>\t\t\t\t<p><strong>Lyon<\/strong>, berceau de la gastronomie fran\u00e7aise, n\u2019a pas usurp\u00e9 son titre de capitale culinaire.<\/p><p>Des M\u00e8res lyonnaises \u00e0 Paul Bocuse et leurs successeurs, entre bouchons traditionnels et Halles gastronomiques, des vignobles du Beaujolais aux coteaux du Lyonnais, \u2026 Par sa richesse de savoir-faire artisanaux sans cesse renouvel\u00e9e, la r\u00e9gion lyonnaise incarne l\u2019excellence du terroir fran\u00e7ais\u00a0!<\/p><p>Dans ce contexte, offrir un <strong>panier garni lyonnais<\/strong> devient un geste porteur de sens, un signe de reconnaissance entre amateurs de bonne ch\u00e8re.<\/p><p>Ainsi le succ\u00e8s des coffrets gourmands \u00e0 offrir ne se d\u00e9ment pas, pour exprimer la satisfaction de collaborer avec ses clients et ses collaborateurs, pour une occasion \u00e0 c\u00e9l\u00e9brer en priv\u00e9, un pique-nique \u00e9labor\u00e9 ou simplement pour faire plaisir.<\/p><p>Toutefois cet usage n\u2019est aujourd\u2019hui v\u00e9ritablement appr\u00e9ci\u00e9 qu\u2019\u00e0 certaines conditions\u00a0: <strong>le retour au local, au fait-maison, aux produits authentiques<\/strong>.<\/p><p>Adieu donc \u00e0 la m\u00e9diocrit\u00e9 anonyme de produits industriels bon march\u00e9 aux promesses trompeuses.<\/p><p>Chez <strong>Rue des Producteurs<\/strong>, cette philosophie se concr\u00e9tise par la r\u00e9alisation de <strong>paniers garnis lyonnais <\/strong>dont les produits sont issus exclusivement de <strong>petits producteurs locaux<\/strong>, s\u00e9lectionn\u00e9s pour leur qualit\u00e9, leur engagement et leur attachement \u00e0 la tradition.<\/p><p>Ici, chaque produit revendique une origine et raconte son histoire aux papilles exigeantes et curieuses.<\/p><h2><strong>Les sp\u00e9cialit\u00e9s lyonnaises embl\u00e9matiques \u00e0 offrir<\/strong><\/h2><p>Un <strong>panier gourmand lyonnais<\/strong> digne de ce nom : des produits du terroir embl\u00e9matiques, identifi\u00e9s et authentiques qui expliquent la r\u00e9gion \u00e0 chaque bouch\u00e9e.<\/p><h3><strong>La praline rose de Lyon \u2013 Elle est \u00e0 croquer\u00a0!<\/strong><\/h3><p>Ic\u00f4ne sucr\u00e9e de la r\u00e9gion, <strong>la praline rose<\/strong> est \u00e0 Lyon ce que le macaron est \u00e0 Paris. N\u00e9e au XVIIe si\u00e8cle, cette confiserie incontournable est constitu\u00e9e d\u2019amandes ou de noisettes enti\u00e8res enrob\u00e9es de sucre caram\u00e9lis\u00e9 rose. C\u2019est devenu un symbole d\u00e9clin\u00e9 depuis des si\u00e8cles par les artisans du cru.<\/p><ul><li>la &#8220;brioche Saint-Genix&#8221; cr\u00e9\u00e9e au XIXe si\u00e8cle dans la ville du m\u00eame nom,<\/li><li>les fameuses tartes aux pralines, \u00e9lev\u00e9es au rang d\u2019institution,<\/li><li>et les variations infinies de g\u00e2teaux lyonnais qui la revendiquent\u00a0!<\/li><\/ul><p>Enfin, on la consomme avec insouciance, en compagnie d\u2019un digestif ou d\u2019un caf\u00e9\u00a0! Son go\u00fbt sucr\u00e9 et sa couleur \u00e9clatante en font un accompagnement aussi savoureux qu\u2019agr\u00e9able \u00e0 l\u2019\u0153il.<\/p><h3><strong>Les tentations sucr\u00e9es de Lyon et sa r\u00e9gion<\/strong><\/h3><p>Pour clore ce chapitre et au-del\u00e0 de sa praline embl\u00e9matique, le terroir lyonnais propose des valeurs s\u00fbres tout en maintenant une cr\u00e9ativit\u00e9 propre \u00e0 satisfaire les becs sucr\u00e9s\u00a0!<\/p><ul><li><strong>Bugnes<\/strong> (moelleuses) et <strong>Oreillettes<\/strong> (croquantes), vari\u00e9t\u00e9s de petits beignets originellement associ\u00e9s au carnaval de Mardi-gras mais qui remonteraient \u00e0 l\u2019antiquit\u00e9.<\/li><li><strong>Coussins<\/strong> (en m\u00e9moire de celui utilis\u00e9 lors d\u2019une procession religieuse au XVIIe si\u00e8cle), ganaches au chocolat parfum\u00e9es au Cura\u00e7ao, enrob\u00e9es d\u2019une p\u00e2te d\u2019amande vivement color\u00e9e.<\/li><li><strong>Cocons<\/strong> de Lyon (inspir\u00e9s des cocons des vers \u00e0 soie utilis\u00e9 par les canuts), en p\u00e2te d\u2019amande, pralin\u00e9 noisettes, Cura\u00e7ao et orangeat.<\/li><li><strong>Confitures artisanales<\/strong> aux fruits du Rh\u00f4ne, r\u00e9alis\u00e9es selon des recettes familiales revisit\u00e9es,<\/li><li><strong>P\u00e2tes \u00e0 tartiner<\/strong>, cr\u00e9ations \u00e0 la fois surprenantes et d\u00e9licates,<\/li><li><strong>Sirops artisanaux<\/strong>, compositions innovantes aux fruits et plantes de la r\u00e9gion, pour aromatiser ou cr\u00e9er un cocktail maison.<\/li><\/ul><div>\u00a0<\/div><p><img loading=\"lazy\" decoding=\"async\" class=\"aligncenter wp-image-1917 size-large\" src=\"https:\/\/ruedesproducteurs.fr\/pro\/wp-content\/uploads\/2025\/06\/Panier-garni-lyon_Grand-Lyonnais-1024x682.jpg\" alt=\"Panier garni de sp\u00e9cialit\u00e9s lyonnaises \u00e0 offrir\" width=\"800\" height=\"533\" srcset=\"https:\/\/ruedesproducteurs.fr\/pro\/wp-content\/uploads\/2025\/06\/Panier-garni-lyon_Grand-Lyonnais-1024x682.jpg 1024w, https:\/\/ruedesproducteurs.fr\/pro\/wp-content\/uploads\/2025\/06\/Panier-garni-lyon_Grand-Lyonnais-300x200.jpg 300w, https:\/\/ruedesproducteurs.fr\/pro\/wp-content\/uploads\/2025\/06\/Panier-garni-lyon_Grand-Lyonnais-768x512.jpg 768w, https:\/\/ruedesproducteurs.fr\/pro\/wp-content\/uploads\/2025\/06\/Panier-garni-lyon_Grand-Lyonnais-1536x1024.jpg 1536w, https:\/\/ruedesproducteurs.fr\/pro\/wp-content\/uploads\/2025\/06\/Panier-garni-lyon_Grand-Lyonnais-2048x1365.jpg 2048w, https:\/\/ruedesproducteurs.fr\/pro\/wp-content\/uploads\/2025\/06\/Panier-garni-lyon_Grand-Lyonnais-600x400.jpg 600w\" sizes=\"(max-width: 800px) 100vw, 800px\" \/><\/p><h3><strong>\u00a0<\/strong><\/h3><h3><strong>Les charcuteries lyonnaises \u2013 Entre all\u00e9gories et traditions<\/strong><\/h3><p>Parler de <strong>sp\u00e9cialit\u00e9s lyonnaises \u00e0 offrir<\/strong> sans mettre les charcuteries \u00e0 l\u2019honneur n\u2019aurait aucun sens.<\/p><p>D\u00e9j\u00e0 c\u00e9l\u00e9br\u00e9e par Rabelais, maintes fois \u00e9voqu\u00e9e par les bons mots de fines gueules qui lui rendent hommage avec tendresse, la charcuterie lyonnaise est une institution, un sens de l\u2019accueil et une fiert\u00e9.<\/p><p>Produit d\u2019un terroir rural riche, elle illustre \u00e0 merveille le lien entre tradition, exigence et convivialit\u00e9.<\/p><p>Quelques exemples incontournables \u2026<\/p><ul><li><strong>La Rosette<\/strong>, saucisson sec de porc, agr\u00e9ment\u00e9 d&#8217;ail, d\u2019\u00e9pices et de vin rouge,<\/li><li><strong>Le J\u00e9sus<\/strong>, d\u2019une demi-livre \u00e0 un kilo, ce beau b\u00e9b\u00e9 a une forme bien reconnaissable d\u00fb \u00e0 son mode d\u2019affinage,<\/li><li><strong>Le p\u00e2t\u00e9 ou \u00ab\u00a0fromage\u00a0\u00bb de t\u00eate<\/strong> de cochon, \u00e0 la texture douce, l\u00e9g\u00e8rement g\u00e9latineux et exceptionnellement riche en saveurs,<\/li><li><strong>Les grattons<\/strong>, c\u00e9l\u00e8bres cousins des rillons, indissociables de l\u2019ap\u00e9ritif lyonnais traditionnel,<\/li><\/ul><p>Mais hors de ces grands classiques, les possibilit\u00e9s sont innombrables. Plus d\u2019une centaine de produits vous attendent pour <a href=\"https:\/\/ruedesproducteurs.fr\/pro\/paniers-a-composer\/\" target=\"_blank\" rel=\"noopener\">composer vous-m\u00eame votre panier gourmand<\/a>\u00a0!<\/p><h2><strong>Pourquoi choisir un panier lyonnais comme cadeau d\u2019entreprise ?<\/strong><\/h2><p>Le <strong>coffret gourmand \u00e0 offrir<\/strong>, notamment lorsqu\u2019il est ancr\u00e9 dans un terroir aussi prestigieux que celui de Lyon et qu\u2019il fait l\u2019objet d\u2019une s\u00e9lection rigoureuse, est un excellent symbole relationnel pour les entreprises.<\/p><p><strong style=\"color: inherit; font-family: inherit; font-size: 1.75rem;\">1. Une authenticit\u00e9 locale qui marque les esprits<\/strong><\/p><p>Un <strong>panier gourmand lyonnais<\/strong> refl\u00e8te un ancrage r\u00e9gional fort et des valeurs.<\/p><ul><li>La proximit\u00e9,<\/li><li>l\u2019attachement au patrimoine,<\/li><li>et le respect du travail artisanal.<\/li><\/ul><h3><strong>2. Une qualit\u00e9 per\u00e7ue \u00e9lev\u00e9e<\/strong><\/h3><ul><li>s\u00e9lectionn\u00e9s pour leur <strong>qualit\u00e9 gustative<\/strong>,<\/li><li>souvent <strong>m\u00e9daill\u00e9s<\/strong> ou issus de <strong>recettes traditionnelles<\/strong>,<\/li><li><strong>fabriqu\u00e9s en petites s\u00e9ries<\/strong>.<\/li><\/ul><p>Nos produits portent leur authenticit\u00e9 avec fiert\u00e9.<\/p><p>C\u2019est ce qui en fait un <strong>cadeau sinc\u00e8re<\/strong>, bien loin d\u2019objets publicitaires impersonnels.<\/p><h3><strong>3. Une exp\u00e9rience partag\u00e9e<\/strong><\/h3><p>Un panier se <strong>d\u00e9guste \u00e0 plusieurs<\/strong>\u00a0! C\u2019est un moment de plaisir partag\u00e9, id\u00e9al pour soutenir le collectif. Il invite \u00e0 la <strong>convivialit\u00e9<\/strong>, que ce soit lors d\u2019un pot d\u2019\u00e9quipe, d\u2019un ap\u00e9ritif client ou d\u2019une r\u00e9union informelle.<\/p><p><img loading=\"lazy\" decoding=\"async\" class=\"alignnone wp-image-1918 size-large\" src=\"https:\/\/ruedesproducteurs.fr\/pro\/wp-content\/uploads\/2025\/06\/Panier-gourmand-Lyon_Petit-Lyonnais-1024x682.jpg\" alt=\"Coffret gourmand \u00e0 offrir\" width=\"800\" height=\"533\" srcset=\"https:\/\/ruedesproducteurs.fr\/pro\/wp-content\/uploads\/2025\/06\/Panier-gourmand-Lyon_Petit-Lyonnais-1024x682.jpg 1024w, https:\/\/ruedesproducteurs.fr\/pro\/wp-content\/uploads\/2025\/06\/Panier-gourmand-Lyon_Petit-Lyonnais-300x200.jpg 300w, https:\/\/ruedesproducteurs.fr\/pro\/wp-content\/uploads\/2025\/06\/Panier-gourmand-Lyon_Petit-Lyonnais-768x512.jpg 768w, https:\/\/ruedesproducteurs.fr\/pro\/wp-content\/uploads\/2025\/06\/Panier-gourmand-Lyon_Petit-Lyonnais-1536x1024.jpg 1536w, https:\/\/ruedesproducteurs.fr\/pro\/wp-content\/uploads\/2025\/06\/Panier-gourmand-Lyon_Petit-Lyonnais-2048x1365.jpg 2048w, https:\/\/ruedesproducteurs.fr\/pro\/wp-content\/uploads\/2025\/06\/Panier-gourmand-Lyon_Petit-Lyonnais-600x400.jpg 600w\" sizes=\"(max-width: 800px) 100vw, 800px\" \/><\/p><h2><strong>Des coffrets gourmands lyonnais pr\u00eats \u00e0 offrir<\/strong><\/h2><p>Chaque <strong>panier garni lyonnais<\/strong> propos\u00e9 par Rue des Producteurs est le fruit d\u2019un travail de s\u00e9lection exigeant.<\/p><p>Chaque coffret est con\u00e7u pour r\u00e9pondre \u00e0 une <strong>intention de cadeau pr\u00e9cise<\/strong>, avec des produits savamment associ\u00e9s.<\/p><h3><strong>Le Petit Lyonnais \u2013 un concentr\u00e9 de traditions lyonnaises<\/strong><\/h3><p>Ce panier est un v\u00e9ritable concentr\u00e9 de <strong>sp\u00e9cialit\u00e9s lyonnaises \u00e0 offrir<\/strong>. Accessible, \u00e9quilibr\u00e9 et authentique : <a href=\"https:\/\/ruedesproducteurs.fr\/paniers-gourmands\/804-panier-gourmand-le-petit-lyonnais.html\" target=\"_blank\" rel=\"noopener\">Le Petit Lyonnais vous attend ici\u00a0!<\/a><\/p><p>Il constitue un <strong>cadeau parfait<\/strong> pour faire d\u00e9couvrir la r\u00e9gion, sans exc\u00e8s ni compromis sur la qualit\u00e9.<\/p><h3><strong>Le Grand Lyonnais \u2013 pour une exp\u00e9rience gastronomique compl\u00e8te<\/strong><\/h3><p>Pens\u00e9 pour les grandes occasions ou les <strong>cadeaux d\u2019entreprise haut de gamme<\/strong>, ce <strong>coffret gourmand \u00e0 offrir<\/strong> se distingue.<\/p><p>S\u00e9lection de produits premium et pr\u00e9sentation soign\u00e9e\u00a0: <a href=\"https:\/\/ruedesproducteurs.fr\/pro\/produit\/le-grand-lyonnais\/\" target=\"_blank\" rel=\"noopener\">Le Grand Lyonnais va vous s\u00e9duire\u00a0!<\/a><\/p><p>Id\u00e9al pour remercier un client fid\u00e8le, un cadre dirigeant ou c\u00e9l\u00e9brer une r\u00e9ussite collective.<\/p><h2><strong>Offrir un panier gourmand \u00ab Lyon \u00bb<\/strong><\/h2><p>Offrir un <strong>panier garni lyonnais<\/strong>, c\u2019est communiquer un \u00e9tat d\u2019esprit.<\/p><ul><li>mettre \u00e0 l\u2019honneur <strong>les artisans locaux<\/strong>,<\/li><li>valoriser un <strong>savoir-faire culinaire r\u00e9gional<\/strong>,<\/li><li>transmettre un <strong>message de qualit\u00e9, de sinc\u00e9rit\u00e9 et d\u2019authenticit\u00e9<\/strong>.<\/li><\/ul><p>Qu\u2019il s\u2019agisse de renforcer des liens professionnels ou de faire plaisir \u00e0 un proche, chaque coffret gourmand est un <strong>cadeau porteur de valeurs<\/strong>.<\/p><p>Les <strong>sp\u00e9cialit\u00e9s lyonnaises \u00e0 offrir<\/strong> sont aussi vari\u00e9es que d\u00e9licieuses et chaque panier raconte une <strong>histoire de go\u00fbt, de terroir et de passion<\/strong>.<\/p><p><a href=\"https:\/\/ruedesproducteurs.fr\/pro\/panier-gourmand-lyon\/\" target=\"_blank\" rel=\"noopener\">Prenez le temps de parcourir l&#8217;ensemble de nos paniers garnis \u00e0 offrir !<\/a><\/p><p>Vous trouverez <strong>le coffret gourmand \u00e0 offrir<\/strong> qui vous ressemble.<\/p>\t\t\t\t\t\t<\/div>\n\t\t\t\t<\/div>\n\t\t\t\t\t<\/div>\n\t\t\t\t<\/div>\n\t\t\t\t\t\t\t<\/div>\n\t\t","protected":false},"excerpt":{"rendered":"<p>Lyon, berceau de la gastronomie fran\u00e7aise, n\u2019a pas usurp\u00e9 son titre de capitale culinaire. Des M\u00e8res lyonnaises \u00e0 Paul Bocuse et leurs successeurs, entre bouchons traditionnels et Halles gastronomiques, des vignobles du Beaujolais aux coteaux du Lyonnais, \u2026 Par sa richesse de savoir-faire artisanaux sans cesse renouvel\u00e9e, la r\u00e9gion lyonnaise incarne l\u2019excellence du terroir fran\u00e7ais\u00a0! [&hellip;]<\/p>\n","protected":false},"author":1,"featured_media":1916,"comment_status":"open","ping_status":"open","sticky":false,"template":"","format":"standard","meta":{"footnotes":""},"categories":[34],"tags":[],"yoast_head":"<!-- This site is optimized with the Yoast SEO plugin v20.3 - https:\/\/yoast.com\/wordpress\/plugins\/seo\/ -->\n<title>Panier garni de sp\u00e9cialit\u00e9s lyonnaises \u00e0 offrir : produits locaux<\/title>\n<meta name=\"description\" content=\"D\u00e9couvrez nos paniers garnis lyonnais \u00e0 offrir. Produits artisanaux, sp\u00e9cialit\u00e9s locales et sourc\u00e9es pour clients, collaborateurs, amis ...\" \/>\n<meta name=\"robots\" content=\"index, follow, max-snippet:-1, max-image-preview:large, max-video-preview:-1\" \/>\n<link rel=\"canonical\" href=\"https:\/\/ruedesproducteurs.fr\/pro\/panier-garni-lyonnais-idees-cadeaux-de-specialites-locales\/\" \/>\n<meta property=\"og:locale\" content=\"fr_FR\" \/>\n<meta property=\"og:type\" content=\"article\" \/>\n<meta property=\"og:title\" content=\"Panier garni de sp\u00e9cialit\u00e9s lyonnaises \u00e0 offrir : produits locaux\" \/>\n<meta property=\"og:description\" content=\"D\u00e9couvrez nos paniers garnis lyonnais \u00e0 offrir. Produits artisanaux, sp\u00e9cialit\u00e9s locales et sourc\u00e9es pour clients, collaborateurs, amis ...\" \/>\n<meta property=\"og:url\" content=\"https:\/\/ruedesproducteurs.fr\/pro\/panier-garni-lyonnais-idees-cadeaux-de-specialites-locales\/\" \/>\n<meta property=\"article:published_time\" content=\"2025-06-21T12:12:20+00:00\" \/>\n<meta property=\"article:modified_time\" content=\"2025-06-23T08:24:52+00:00\" \/>\n<meta property=\"og:image\" content=\"https:\/\/ruedesproducteurs.fr\/pro\/wp-content\/uploads\/2025\/06\/specialites-lyonnaises-a-offrir-panier-garni-lyon-panier-gourmand-lyon-coffret-gourmand-a-offrir-scaled.jpg\" \/>\n\t<meta property=\"og:image:width\" content=\"2560\" \/>\n\t<meta property=\"og:image:height\" content=\"1706\" \/>\n\t<meta property=\"og:image:type\" content=\"image\/jpeg\" \/>\n<meta name=\"author\" content=\"StevE_adMIn76_2016\" \/>\n<meta name=\"twitter:card\" content=\"summary_large_image\" \/>\n<meta name=\"twitter:label1\" content=\"\u00c9crit par\" \/>\n\t<meta name=\"twitter:data1\" content=\"StevE_adMIn76_2016\" \/>\n\t<meta name=\"twitter:label2\" content=\"Dur\u00e9e de lecture estim\u00e9e\" \/>\n\t<meta name=\"twitter:data2\" content=\"6 minutes\" \/>\n<script type=\"application\/ld+json\" class=\"yoast-schema-graph\">{\"@context\":\"https:\/\/schema.org\",\"@graph\":[{\"@type\":\"WebPage\",\"@id\":\"https:\/\/ruedesproducteurs.fr\/pro\/panier-garni-lyonnais-idees-cadeaux-de-specialites-locales\/\",\"url\":\"https:\/\/ruedesproducteurs.fr\/pro\/panier-garni-lyonnais-idees-cadeaux-de-specialites-locales\/\",\"name\":\"Panier garni de sp\u00e9cialit\u00e9s lyonnaises \u00e0 offrir : produits locaux\",\"isPartOf\":{\"@id\":\"https:\/\/ruedesproducteurs.fr\/pro\/#website\"},\"datePublished\":\"2025-06-21T12:12:20+00:00\",\"dateModified\":\"2025-06-23T08:24:52+00:00\",\"author\":{\"@id\":\"https:\/\/ruedesproducteurs.fr\/pro\/#\/schema\/person\/18dcbac66a890039f5b1d0f504e7307d\"},\"description\":\"D\u00e9couvrez nos paniers garnis lyonnais \u00e0 offrir. Produits artisanaux, sp\u00e9cialit\u00e9s locales et sourc\u00e9es pour clients, collaborateurs, amis ...\",\"breadcrumb\":{\"@id\":\"https:\/\/ruedesproducteurs.fr\/pro\/panier-garni-lyonnais-idees-cadeaux-de-specialites-locales\/#breadcrumb\"},\"inLanguage\":\"fr-FR\",\"potentialAction\":[{\"@type\":\"ReadAction\",\"target\":[\"https:\/\/ruedesproducteurs.fr\/pro\/panier-garni-lyonnais-idees-cadeaux-de-specialites-locales\/\"]}]},{\"@type\":\"BreadcrumbList\",\"@id\":\"https:\/\/ruedesproducteurs.fr\/pro\/panier-garni-lyonnais-idees-cadeaux-de-specialites-locales\/#breadcrumb\",\"itemListElement\":[{\"@type\":\"ListItem\",\"position\":1,\"name\":\"Accueil\",\"item\":\"https:\/\/ruedesproducteurs.fr\/pro\/\"},{\"@type\":\"ListItem\",\"position\":2,\"name\":\"Panier garni de sp\u00e9cialit\u00e9s lyonnaises \u00e0 offrir : produits locaux, tradition et gastronomie\"}]},{\"@type\":\"WebSite\",\"@id\":\"https:\/\/ruedesproducteurs.fr\/pro\/#website\",\"url\":\"https:\/\/ruedesproducteurs.fr\/pro\/\",\"name\":\"\",\"description\":\"\",\"potentialAction\":[{\"@type\":\"SearchAction\",\"target\":{\"@type\":\"EntryPoint\",\"urlTemplate\":\"https:\/\/ruedesproducteurs.fr\/pro\/?s={search_term_string}\"},\"query-input\":\"required name=search_term_string\"}],\"inLanguage\":\"fr-FR\"},{\"@type\":\"Person\",\"@id\":\"https:\/\/ruedesproducteurs.fr\/pro\/#\/schema\/person\/18dcbac66a890039f5b1d0f504e7307d\",\"name\":\"StevE_adMIn76_2016\",\"image\":{\"@type\":\"ImageObject\",\"inLanguage\":\"fr-FR\",\"@id\":\"https:\/\/ruedesproducteurs.fr\/pro\/#\/schema\/person\/image\/\",\"url\":\"https:\/\/secure.gravatar.com\/avatar\/078f40bbafbb4b5e5bc8cf848cc5aba8?s=96&d=mm&r=g\",\"contentUrl\":\"https:\/\/secure.gravatar.com\/avatar\/078f40bbafbb4b5e5bc8cf848cc5aba8?s=96&d=mm&r=g\",\"caption\":\"StevE_adMIn76_2016\"},\"sameAs\":[\"http:\/\/dev-scope.fr\/pro\"],\"url\":\"https:\/\/ruedesproducteurs.fr\/pro\/author\/steve_admin76_2016\/\"}]}<\/script>\n<!-- \/ Yoast SEO plugin. -->","yoast_head_json":{"title":"Panier garni de sp\u00e9cialit\u00e9s lyonnaises \u00e0 offrir : produits locaux","description":"D\u00e9couvrez nos paniers garnis lyonnais \u00e0 offrir. Produits artisanaux, sp\u00e9cialit\u00e9s locales et sourc\u00e9es pour clients, collaborateurs, amis ...","robots":{"index":"index","follow":"follow","max-snippet":"max-snippet:-1","max-image-preview":"max-image-preview:large","max-video-preview":"max-video-preview:-1"},"canonical":"https:\/\/ruedesproducteurs.fr\/pro\/panier-garni-lyonnais-idees-cadeaux-de-specialites-locales\/","og_locale":"fr_FR","og_type":"article","og_title":"Panier garni de sp\u00e9cialit\u00e9s lyonnaises \u00e0 offrir : produits locaux","og_description":"D\u00e9couvrez nos paniers garnis lyonnais \u00e0 offrir. Produits artisanaux, sp\u00e9cialit\u00e9s locales et sourc\u00e9es pour clients, collaborateurs, amis ...","og_url":"https:\/\/ruedesproducteurs.fr\/pro\/panier-garni-lyonnais-idees-cadeaux-de-specialites-locales\/","article_published_time":"2025-06-21T12:12:20+00:00","article_modified_time":"2025-06-23T08:24:52+00:00","og_image":[{"width":2560,"height":1706,"url":"https:\/\/ruedesproducteurs.fr\/pro\/wp-content\/uploads\/2025\/06\/specialites-lyonnaises-a-offrir-panier-garni-lyon-panier-gourmand-lyon-coffret-gourmand-a-offrir-scaled.jpg","type":"image\/jpeg"}],"author":"StevE_adMIn76_2016","twitter_card":"summary_large_image","twitter_misc":{"\u00c9crit par":"StevE_adMIn76_2016","Dur\u00e9e de lecture estim\u00e9e":"6 minutes"},"schema":{"@context":"https:\/\/schema.org","@graph":[{"@type":"WebPage","@id":"https:\/\/ruedesproducteurs.fr\/pro\/panier-garni-lyonnais-idees-cadeaux-de-specialites-locales\/","url":"https:\/\/ruedesproducteurs.fr\/pro\/panier-garni-lyonnais-idees-cadeaux-de-specialites-locales\/","name":"Panier garni de sp\u00e9cialit\u00e9s lyonnaises \u00e0 offrir : produits locaux","isPartOf":{"@id":"https:\/\/ruedesproducteurs.fr\/pro\/#website"},"datePublished":"2025-06-21T12:12:20+00:00","dateModified":"2025-06-23T08:24:52+00:00","author":{"@id":"https:\/\/ruedesproducteurs.fr\/pro\/#\/schema\/person\/18dcbac66a890039f5b1d0f504e7307d"},"description":"D\u00e9couvrez nos paniers garnis lyonnais \u00e0 offrir. Produits artisanaux, sp\u00e9cialit\u00e9s locales et sourc\u00e9es pour clients, collaborateurs, amis ...","breadcrumb":{"@id":"https:\/\/ruedesproducteurs.fr\/pro\/panier-garni-lyonnais-idees-cadeaux-de-specialites-locales\/#breadcrumb"},"inLanguage":"fr-FR","potentialAction":[{"@type":"ReadAction","target":["https:\/\/ruedesproducteurs.fr\/pro\/panier-garni-lyonnais-idees-cadeaux-de-specialites-locales\/"]}]},{"@type":"BreadcrumbList","@id":"https:\/\/ruedesproducteurs.fr\/pro\/panier-garni-lyonnais-idees-cadeaux-de-specialites-locales\/#breadcrumb","itemListElement":[{"@type":"ListItem","position":1,"name":"Accueil","item":"https:\/\/ruedesproducteurs.fr\/pro\/"},{"@type":"ListItem","position":2,"name":"Panier garni de sp\u00e9cialit\u00e9s lyonnaises \u00e0 offrir : produits locaux, tradition et gastronomie"}]},{"@type":"WebSite","@id":"https:\/\/ruedesproducteurs.fr\/pro\/#website","url":"https:\/\/ruedesproducteurs.fr\/pro\/","name":"","description":"","potentialAction":[{"@type":"SearchAction","target":{"@type":"EntryPoint","urlTemplate":"https:\/\/ruedesproducteurs.fr\/pro\/?s={search_term_string}"},"query-input":"required name=search_term_string"}],"inLanguage":"fr-FR"},{"@type":"Person","@id":"https:\/\/ruedesproducteurs.fr\/pro\/#\/schema\/person\/18dcbac66a890039f5b1d0f504e7307d","name":"StevE_adMIn76_2016","image":{"@type":"ImageObject","inLanguage":"fr-FR","@id":"https:\/\/ruedesproducteurs.fr\/pro\/#\/schema\/person\/image\/","url":"https:\/\/secure.gravatar.com\/avatar\/078f40bbafbb4b5e5bc8cf848cc5aba8?s=96&d=mm&r=g","contentUrl":"https:\/\/secure.gravatar.com\/avatar\/078f40bbafbb4b5e5bc8cf848cc5aba8?s=96&d=mm&r=g","caption":"StevE_adMIn76_2016"},"sameAs":["http:\/\/dev-scope.fr\/pro"],"url":"https:\/\/ruedesproducteurs.fr\/pro\/author\/steve_admin76_2016\/"}]}},"_links":{"self":[{"href":"https:\/\/ruedesproducteurs.fr\/pro\/wp-json\/wp\/v2\/posts\/1904"}],"collection":[{"href":"https:\/\/ruedesproducteurs.fr\/pro\/wp-json\/wp\/v2\/posts"}],"about":[{"href":"https:\/\/ruedesproducteurs.fr\/pro\/wp-json\/wp\/v2\/types\/post"}],"author":[{"embeddable":true,"href":"https:\/\/ruedesproducteurs.fr\/pro\/wp-json\/wp\/v2\/users\/1"}],"replies":[{"embeddable":true,"href":"https:\/\/ruedesproducteurs.fr\/pro\/wp-json\/wp\/v2\/comments?post=1904"}],"version-history":[{"count":32,"href":"https:\/\/ruedesproducteurs.fr\/pro\/wp-json\/wp\/v2\/posts\/1904\/revisions"}],"predecessor-version":[{"id":1939,"href":"https:\/\/ruedesproducteurs.fr\/pro\/wp-json\/wp\/v2\/posts\/1904\/revisions\/1939"}],"wp:featuredmedia":[{"embeddable":true,"href":"https:\/\/ruedesproducteurs.fr\/pro\/wp-json\/wp\/v2\/media\/1916"}],"wp:attachment":[{"href":"https:\/\/ruedesproducteurs.fr\/pro\/wp-json\/wp\/v2\/media?parent=1904"}],"wp:term":[{"taxonomy":"category","embeddable":true,"href":"https:\/\/ruedesproducteurs.fr\/pro\/wp-json\/wp\/v2\/categories?post=1904"},{"taxonomy":"post_tag","embeddable":true,"href":"https:\/\/ruedesproducteurs.fr\/pro\/wp-json\/wp\/v2\/tags?post=1904"}],"curies":[{"name":"wp","href":"https:\/\/api.w.org\/{rel}","templated":true}]}}