{"id":1956,"date":"2025-08-19T09:51:57","date_gmt":"2025-08-19T07:51:57","guid":{"rendered":"https:\/\/ruedesproducteurs.fr\/pro\/?p=1956"},"modified":"2025-08-19T10:54:06","modified_gmt":"2025-08-19T08:54:06","slug":"beaujolais-frederic-berne-nouvelle-pepite-des-paniers-garnis-lyonnais","status":"publish","type":"post","link":"https:\/\/ruedesproducteurs.fr\/pro\/beaujolais-frederic-berne-nouvelle-pepite-des-paniers-garnis-lyonnais\/","title":{"rendered":"Fr\u00e9d\u00e9ric Berne et ses tr\u00e9sors du Beaujolais : nouvelle p\u00e9pite des paniers garnis lyonnais"},"content":{"rendered":"\t\t<div data-elementor-type=\"wp-post\" data-elementor-id=\"1956\" class=\"elementor elementor-1956\">\n\t\t\t\t\t\t\t<div class=\"elementor-element elementor-element-6f5e29e e-flex e-con-boxed e-con e-parent\" data-id=\"6f5e29e\" data-element_type=\"container\" data-settings=\"{&quot;content_width&quot;:&quot;boxed&quot;}\" data-core-v316-plus=\"true\">\n\t\t\t\t\t<div class=\"e-con-inner\">\n\t\t\t\t<div class=\"elementor-element elementor-element-b589d33 elementor-widget elementor-widget-text-editor\" data-id=\"b589d33\" data-element_type=\"widget\" data-widget_type=\"text-editor.default\">\n\t\t\t\t<div class=\"elementor-widget-container\">\n\t\t\t<style>\/*! elementor - v3.16.0 - 12-09-2023 *\/\n.elementor-widget-text-editor.elementor-drop-cap-view-stacked .elementor-drop-cap{background-color:#69727d;color:#fff}.elementor-widget-text-editor.elementor-drop-cap-view-framed .elementor-drop-cap{color:#69727d;border:3px solid;background-color:transparent}.elementor-widget-text-editor:not(.elementor-drop-cap-view-default) .elementor-drop-cap{margin-top:8px}.elementor-widget-text-editor:not(.elementor-drop-cap-view-default) .elementor-drop-cap-letter{width:1em;height:1em}.elementor-widget-text-editor .elementor-drop-cap{float:left;text-align:center;line-height:1;font-size:50px}.elementor-widget-text-editor .elementor-drop-cap-letter{display:inline-block}<\/style>\t\t\t\t<h2><b>Le Beaujolais et nos sp\u00e9cialit\u00e9s lyonnaises \u00e0 offrir !<\/b><\/h2>\nLyon, capitale mondiale de la gastronomie, doit une partie de son \u00e9clat aux tr\u00e9sors qui l\u2019entourent. Parmi eux, le Beaujolais et ses vins d\u2019exception, port\u00e9s par une nouvelle g\u00e9n\u00e9ration de vignerons passionn\u00e9s.\n\n<a href=\"https:\/\/fredericberne.com\/\" target=\"_blank\" rel=\"noopener\">Fr\u00e9d\u00e9ric Berne<\/a>, jeune star du <b>vignoble bio<\/b>, incarne cette r\u00e9volution avec des crus comme son <b>Morgon Corcelette <\/b>ou son <b>Beaujolais Villages<\/b>, \u00ab L\u2019Optimiste \u00bb.\n\nChez <b>Rue Des Producteurs<\/b>, nous sommes fiers d\u2019int\u00e9grer ses bouteilles \u00e0 nos paniers garnis lyonnais et coffrets gourmands \u00e0 offrir, pour des cadeaux qui allient terroir, authenticit\u00e9 et plaisir.\n\nD\u00e9guster nos sp\u00e9cialit\u00e9s lyonnaises, c\u2019est c\u00e9l\u00e9brer un <b>patrimoine culinaire unique<\/b>.\n\nEt quand ces sp\u00e9cialit\u00e9s s\u2019associent aux flacons \u00e9labor\u00e9s par Fr\u00e9d\u00e9ric Berne, le r\u00e9sultat est une exp\u00e9rience gourmande m\u00e9morable, <b>\u00e0 partager en famille, entre amis ou en entreprise<\/b>.\n\nD\u00e9couvrez pourquoi ces vins sont maintenant incontournables dans nos paniers gourmands lyonnais, et comment les marier avec les d\u00e9lices de notre r\u00e9gion.\n<h2><b>Fr\u00e9d\u00e9ric Berne : l\u2019artisan d\u2019un Beaujolais engag\u00e9<\/b><\/h2>\n<h3><b>Un vigneron bio ind\u00e9gradable<\/b><\/h3>\nFr\u00e9d\u00e9ric Berne n\u2019est pas un vigneron comme les autres. Install\u00e9 \u00e0 Lantigni\u00e9, <b>\u00e0 deux pas de Morgon et de Fleurie<\/b>, il cultive ses <b>15 hectares en bio et en biodynamie<\/b>, avec une philosophie simple : \u00ab Respecter la terre pour qu\u2019elle donne le meilleur d\u2019elle-m\u00eame. \u00bb.\n\nSon parcours, marqu\u00e9 par <b>la<\/b> <b>transmission et l\u2019innovation<\/b>, en fait aujourd\u2019hui un ambassadeur du Beaujolais moderne, o\u00f9 chaque bouteille raconte une histoire de passion et de respect.\n\nSon domaine, cr\u00e9\u00e9 en 2014, est une ode \u00e0 la diversit\u00e9 des sols beaujolais : granit rose, pierres bleues et des <b>vignes travaill\u00e9es sans produits de synth\u00e8se<\/b>.\n\nUne approche qui s\u00e9duit <b>les amateurs de vins naturels<\/b> et les d\u00e9fenseurs d\u2019une agriculture responsable.\n<h3><b>Des vins de soif \u00e0 hauteur de toutes les exigences\u00a0<\/b><\/h3>\nParmi ses cuv\u00e9es, on en distingue deux pour leur compl\u00e9mentarit\u00e9 :\n<ul>\n \t<li aria-level=\"1\"><b>Morgon Corcelette<\/b> : un vin structur\u00e9, aux ar\u00f4mes chantants de fruits rouges et d\u2019\u00e9pices, parfait pour soutenir les repas conviviaux avec l\u00e9g\u00e8ret\u00e9.<\/li>\n \t<li aria-level=\"1\"><b>\u00ab L\u2019Optimiste \u00bb<\/b> : un Beaujolais Villages fruit\u00e9 et accessible, id\u00e9al pour l\u2019ap\u00e9ritif ou un panier gourmand Lyon \u00e0 partager sur le pouce.<\/li>\n<\/ul>\nCes vins, prim\u00e9s et reconnus, sont d\u00e9sormais disponibles dans nos coffrets gourmands \u00e0 offrir, aux c\u00f4t\u00e9s d\u2019autres <b>sp\u00e9cialit\u00e9s lyonnaises \u00e0 offrir,<\/b> soigneusement s\u00e9lectionn\u00e9es.\n<div style=\"text-align: center;\"><img loading=\"lazy\" decoding=\"async\" style=\"max-width: 100%; height: auto; display: block; margin: 2rem auto;\" src=\" https:\/\/ruedesproducteurs.fr\/pro\/wp-content\/uploads\/2025\/08\/panier-gourmand-lyon_beaujolais-bio-scaled.jpg\" alt=\"Panier gourmand Lyon et beaujolais bio\" width=\"800\" height=\"534\" \/><\/div>\n<h3><b>Pourquoi associer les vins de Fr\u00e9d\u00e9ric Berne \u00e0 un \u00ab\u00a0panier garni Lyon\u00a0\u00bb ?<\/b><\/h3>\n<b>Un mariage parfait avec les sp\u00e9cialit\u00e9s locales<\/b>\n\nUn panier garni Lyon met en valeur les produits embl\u00e9matiques de la r\u00e9gion.\n\nLes vins de Fr\u00e9d\u00e9ric Berne sont les complices naturels de ces excursions gustatives.\n<ul>\n \t<li aria-level=\"1\"><b>les charcuteries lyonnaises<\/b> : rosette, J\u00e9sus, p\u00e2t\u00e9 en cro\u00fbte\u2026<\/li>\n \t<li aria-level=\"1\"><b>les fromages artisanaux<\/b> : saint-marcellin, cervelle de canut.<\/li>\n \t<li aria-level=\"1\"><b>les douceurs sucr\u00e9es<\/b> : pralines roses, bugnes, coussins de Lyon.<\/li>\n<\/ul>\nChez <b>Rue des Producteurs<\/b>, nous imaginons sans cesse des associations gourmandes pour sublimer vos cadeaux.\n<ul>\n \t<li aria-level=\"1\"><b>Le Petit Lyonnais<\/b> : un <b>panier gourmand lyonnais<\/b> avec \u00ab L\u2019Optimiste \u00bb, des pralines roses et une rosette.<\/li>\n \t<li aria-level=\"1\"><b>Le Grand Lyonnais<\/b> : un <b>coffret gourmand \u00e0 offrir<\/b> haut de gamme, incluant le Morgon Corcelette, des terrines et des confitures artisanales.<\/li>\n<\/ul>\n<h4><b>Des id\u00e9es pour toutes les occasions\u00a0!<\/b><\/h4>\nQue ce soit pour un anniversaire, un remerciement ou un <b>cadeau entreprise Lyon<\/b>, nos <b>paniers garnis lyonnais<\/b> s\u2019adaptent \u00e0 toutes les envies :\n<ul>\n \t<li aria-level=\"1\"><b>Pour un ap\u00e9ritif joyeux entre amis<\/b> : \u00ab L\u2019Optimiste \u00bb + saucisson brioch\u00e9 + tartinades.<\/li>\n \t<li aria-level=\"1\"><b>Pour un en-cas gastronomique<\/b> : Morgon Corcelette + p\u00e2t\u00e9 en cro\u00fbte + fromages affin\u00e9s.<\/li>\n \t<li aria-level=\"1\"><b>Pour les f\u00eates<\/b> : un <b>panier garni No\u00ebl<\/b> avec un vin rouge l\u00e9ger, du foie gras de canard du Rh\u00f4ne et des biscuits aux noix.<\/li>\n<\/ul>\n<h2><b>Sp\u00e9cialit\u00e9s lyonnaises : le meilleur du terroir dans un coffret gourmand \u00e0 offrir<\/b><\/h2>\n<h3><b>Des produits qui racontent Lyon par le menu<\/b><\/h3>\nLyon regorge de <b>sp\u00e9cialit\u00e9s lyonnaises \u00e0 offrir<\/b>, chacune porteuse d\u2019histoire et de saveur. En les associant aux vins de Fr\u00e9d\u00e9ric Berne, vous composez un cadeau unique, ancr\u00e9 dans notre patrimoine :\n<ul>\n \t<li aria-level=\"1\"><b>La praline rose<\/b> : ic\u00f4ne sucr\u00e9e de Lyon, \u00e0 croquer avec un verre de Beaujolais.<\/li>\n \t<li aria-level=\"1\"><b>Les bugnes et oreillettes<\/b> : ces beignets traditionnels se marient parfaitement avec un joyeux compagnon, \u00ab L\u2019Optimiste \u00bb.<\/li>\n \t<li aria-level=\"1\"><b>Les charcuteries<\/b> : la rosette ou le J\u00e9sus, incontournables d\u2019un panier gourmand Lyon.<\/li>\n<\/ul>\n<h3><b>Comment composer votre panier gourmand personnalis\u00e9 ?<\/b><\/h3>\nChez <b>Rue des Producteurs<\/b>, la personnalisation est reine.\n<ol>\n \t<li aria-level=\"1\"><b>Choisissez votre vin<\/b> : Morgon pour les amateurs de complexit\u00e9 aromatique, ou \u00ab L\u2019Optimiste \u00bb pour une touche fra\u00eeche et fruit\u00e9e.<\/li>\n \t<li aria-level=\"1\"><b>Ajoutez les sp\u00e9cialit\u00e9s qui vous tentent<\/b> : charcuteries, fromages, confitures, chocolats, \u2026<\/li>\n \t<li aria-level=\"1\"><b>Personnalisez l\u2019emballage<\/b> : panier en osier, bo\u00eete en bois, ou coffret \u00e9l\u00e9gant\u00a0!<\/li>\n<\/ol>\n<h4><b>Exemple de composition<\/b><\/h4>\n<ul>\n \t<li aria-level=\"1\">1 bouteille de Morgon Corcelette<\/li>\n \t<li aria-level=\"1\">1 rosette lyonnaise<\/li>\n \t<li aria-level=\"1\">1 brique de pralines roses<\/li>\n \t<li aria-level=\"1\">1 pot de confiture de quetsche<\/li>\n \t<li aria-level=\"1\">1 pain d\u2019\u00e9pices artisanal<\/li>\n<\/ul>\n\ud83d\udc49 <a href=\"https:\/\/ruedesproducteurs.fr\/pro\/panier-gourmand-lyon\/\" target=\"_blank\" rel=\"noopener\">D\u00e9couvrez nos paniers garnis lyonnais<\/a> ou <a href=\"https:\/\/ruedesproducteurs.fr\/pro\/paniers-a-composer\/\" target=\"_blank\" rel=\"noopener\">composez le v\u00f4tre<\/a> !\n<div style=\"text-align: center;\"><img loading=\"lazy\" decoding=\"async\" style=\"max-width: 100%; height: auto; display: block; margin: 2rem auto;\" src=\" https:\/\/ruedesproducteurs.fr\/pro\/wp-content\/uploads\/2025\/08\/panier-gourmand-a-offrir_beaujolais-scaled.jpg\" alt=\"Panier gourmand Lyon et beaujolais village\" width=\"800\" height=\"534\" \/><\/div>\n<h2><b>Coffret gourmand \u00e0 offrir : l\u2019art de faire plaisir<\/b><\/h2>\n<h3><b>Un cadeau qui reste en m\u00e9moire<\/b><\/h3>\nOffrir un coffret gourmand \u00e0 offrir, c\u2019est bien plus qu\u2019un simple pr\u00e9sent. C\u2019est une invitation \u00e0 d\u00e9couvrir les saveurs d\u2019une r\u00e9gion, le travail d\u2019<b>artisans passionn\u00e9s <\/b>et le plaisir de partager.\n<ul>\n \t<li aria-level=\"1\"><b>Pour les particuliers<\/b> : un <b>panier gourmand Lyon<\/b> pour un anniversaire ou un remerciement.<\/li>\n \t<li aria-level=\"1\"><b>Pour les entreprises<\/b> : des <b>cadeaux gastronomiques lyonnais<\/b> qui renforcent vos liens professionnels.<\/li>\n<\/ul>\n<h3><b>La touche &#8220;Rue des Producteurs&#8221;<\/b><\/h3>\nChaque panier garni Lyon ou coffret gourmand \u00e0 offrir est pr\u00e9par\u00e9 avec soin :\n<ul>\n \t<li aria-level=\"1\"><b>Produits 100% locaux et artisanaux<\/b>.<\/li>\n \t<li aria-level=\"1\"><b>Livraison rapide<\/b> sur l\u2019hexagone.<\/li>\n \t<li aria-level=\"1\"><b>Possibilit\u00e9 de d\u00e9gustation<\/b> sur place pour choisir vos favoris.<\/li>\n<\/ul><\/b>\n<\/b><h4><b>O\u00f9 d\u00e9guster ou acheter ?<\/b><\/h4>\n<b>En ligne ou en boutique<\/b>\n\nRetrouvez les vins de Fr\u00e9d\u00e9ric Berne et nos <b>sp\u00e9cialit\u00e9s lyonnaises \u00e0 offrir\n.<\/b>\n<ul>\n \t<li aria-level=\"1\"><b>Sur notre site<\/b> : Paniers garnis lyonnais (<a href=\"https:\/\/ruedesproducteurs.fr\/pro\/#produits\" target=\"_blank\" rel=\"noopener\">nos offres<\/a>).<\/li>\n \t<li aria-level=\"1\"><b>Dans nos 3 boutiques \u00e0 Lyon<\/b> : nos conseillers vous aident \u00e0 composer votre <b>panier gourmand personnalis\u00e9<\/b>.<\/li>\n \t<li aria-level=\"1\"><b>Pour les entreprises<\/b> : des solutions clefs en main pour vos <b>cadeaux clients <\/b>ou vos <b>\u00e9v\u00e9nements <\/b>entre coll\u00e8gues.<\/li>\n<\/ul><\/b>\n<\/b><strong>A noter<\/strong>, si vous \u00eates dans la r\u00e9gion\u00a0: vous pouvez visiter les vignobles de Fr\u00e9d\u00e9ric et participer \u00e0 des d\u00e9gustations au ch\u00e2teau.<\/b>\n<h2><b>Taillez-vous une part du Lyon !<\/b><\/h2>\nUn panier garni Lyon avec les vins de Fr\u00e9d\u00e9ric Berne, c\u2019est bien plus qu\u2019un cadeau : c\u2019est une exp\u00e9rience, un <b>voyage au c\u0153ur des saveurs<\/b> lyonnaises et beaujolaises.\n\nChez <b>Rue des Producteurs<\/b>, nous mettons tout notre savoir-faire pour vous proposer des coffrets gourmands \u00e0 offrir qui feront sensation.\n\n<b>\nPr\u00eat \u00e0 g\u00e2ter vos proches ou vos collaborateurs ?<\/b>\n<ul>\n \t<li aria-level=\"1\"><a href=\"https:\/\/ruedesproducteurs.fr\/pro\/panier-gourmand-lyon\/\" target=\"_blank\" rel=\"noopener\">D\u00e9couvrez nos paniers<\/a> !<\/li>\n \t<li aria-level=\"1\"><a href=\"https:\/\/ruedesproducteurs.fr\/pro\/contact\/\" target=\"_blank\" rel=\"noopener\">Contactez-nous<\/a> pour une composition sur mesure.<\/li>\n<\/ul><\/b>\n<\/b>Et vous, quelle est votre<b> sp\u00e9cialit\u00e9 lyonnaise pr\u00e9f\u00e9r\u00e9e pour accompagner un Beaujolais ?<\/b>\t\t\t\t\t\t<\/div>\n\t\t\t\t<\/div>\n\t\t\t\t\t<\/div>\n\t\t\t\t<\/div>\n\t\t\t\t\t\t\t<\/div>\n\t\t","protected":false},"excerpt":{"rendered":"<p>Le Beaujolais et nos sp\u00e9cialit\u00e9s lyonnaises \u00e0 offrir ! Lyon, capitale mondiale de la gastronomie, doit une partie de son \u00e9clat aux tr\u00e9sors qui l\u2019entourent. Parmi eux, le Beaujolais et ses vins d\u2019exception, port\u00e9s par une nouvelle g\u00e9n\u00e9ration de vignerons passionn\u00e9s. Fr\u00e9d\u00e9ric Berne, jeune star du vignoble bio, incarne cette r\u00e9volution avec des crus comme [&hellip;]<\/p>\n","protected":false},"author":1,"featured_media":1958,"comment_status":"open","ping_status":"open","sticky":false,"template":"","format":"standard","meta":{"footnotes":""},"categories":[34],"tags":[],"yoast_head":"<!-- This site is optimized with the Yoast SEO plugin v20.3 - https:\/\/yoast.com\/wordpress\/plugins\/seo\/ -->\n<title>Paniers garnis lyonnais et Beaujolais Bio<\/title>\n<meta name=\"description\" content=\"Paniers garnis lyonnais sans Beaujolais !? H\u00e9r\u00e9sie. Aussi sommes-nous fiers de vous pr\u00e9senter Fr\u00e9d\u00e9ric Berne, vigneron bio et dynamique !\" \/>\n<meta name=\"robots\" content=\"index, follow, max-snippet:-1, max-image-preview:large, max-video-preview:-1\" \/>\n<link rel=\"canonical\" href=\"https:\/\/ruedesproducteurs.fr\/pro\/beaujolais-frederic-berne-nouvelle-pepite-des-paniers-garnis-lyonnais\/\" \/>\n<meta property=\"og:locale\" content=\"fr_FR\" \/>\n<meta property=\"og:type\" content=\"article\" \/>\n<meta property=\"og:title\" content=\"Paniers garnis lyonnais et Beaujolais Bio\" \/>\n<meta property=\"og:description\" content=\"Paniers garnis lyonnais sans Beaujolais !? H\u00e9r\u00e9sie. Aussi sommes-nous fiers de vous pr\u00e9senter Fr\u00e9d\u00e9ric Berne, vigneron bio et dynamique !\" \/>\n<meta property=\"og:url\" content=\"https:\/\/ruedesproducteurs.fr\/pro\/beaujolais-frederic-berne-nouvelle-pepite-des-paniers-garnis-lyonnais\/\" \/>\n<meta property=\"article:published_time\" content=\"2025-08-19T07:51:57+00:00\" \/>\n<meta property=\"article:modified_time\" content=\"2025-08-19T08:54:06+00:00\" \/>\n<meta property=\"og:image\" content=\"https:\/\/ruedesproducteurs.fr\/pro\/wp-content\/uploads\/2025\/08\/panier-garni-lyonnais_beaujolais-scaled.jpg\" \/>\n\t<meta property=\"og:image:width\" content=\"2560\" \/>\n\t<meta property=\"og:image:height\" content=\"1707\" \/>\n\t<meta property=\"og:image:type\" content=\"image\/jpeg\" \/>\n<meta name=\"author\" content=\"StevE_adMIn76_2016\" \/>\n<meta name=\"twitter:card\" content=\"summary_large_image\" \/>\n<meta name=\"twitter:label1\" content=\"\u00c9crit par\" \/>\n\t<meta name=\"twitter:data1\" content=\"StevE_adMIn76_2016\" \/>\n\t<meta name=\"twitter:label2\" content=\"Dur\u00e9e de lecture estim\u00e9e\" \/>\n\t<meta name=\"twitter:data2\" content=\"6 minutes\" \/>\n<script type=\"application\/ld+json\" class=\"yoast-schema-graph\">{\"@context\":\"https:\/\/schema.org\",\"@graph\":[{\"@type\":\"WebPage\",\"@id\":\"https:\/\/ruedesproducteurs.fr\/pro\/beaujolais-frederic-berne-nouvelle-pepite-des-paniers-garnis-lyonnais\/\",\"url\":\"https:\/\/ruedesproducteurs.fr\/pro\/beaujolais-frederic-berne-nouvelle-pepite-des-paniers-garnis-lyonnais\/\",\"name\":\"Paniers garnis lyonnais et Beaujolais Bio\",\"isPartOf\":{\"@id\":\"https:\/\/ruedesproducteurs.fr\/pro\/#website\"},\"datePublished\":\"2025-08-19T07:51:57+00:00\",\"dateModified\":\"2025-08-19T08:54:06+00:00\",\"author\":{\"@id\":\"https:\/\/ruedesproducteurs.fr\/pro\/#\/schema\/person\/18dcbac66a890039f5b1d0f504e7307d\"},\"description\":\"Paniers garnis lyonnais sans Beaujolais !? H\u00e9r\u00e9sie. Aussi sommes-nous fiers de vous pr\u00e9senter Fr\u00e9d\u00e9ric Berne, vigneron bio et dynamique !\",\"breadcrumb\":{\"@id\":\"https:\/\/ruedesproducteurs.fr\/pro\/beaujolais-frederic-berne-nouvelle-pepite-des-paniers-garnis-lyonnais\/#breadcrumb\"},\"inLanguage\":\"fr-FR\",\"potentialAction\":[{\"@type\":\"ReadAction\",\"target\":[\"https:\/\/ruedesproducteurs.fr\/pro\/beaujolais-frederic-berne-nouvelle-pepite-des-paniers-garnis-lyonnais\/\"]}]},{\"@type\":\"BreadcrumbList\",\"@id\":\"https:\/\/ruedesproducteurs.fr\/pro\/beaujolais-frederic-berne-nouvelle-pepite-des-paniers-garnis-lyonnais\/#breadcrumb\",\"itemListElement\":[{\"@type\":\"ListItem\",\"position\":1,\"name\":\"Accueil\",\"item\":\"https:\/\/ruedesproducteurs.fr\/pro\/\"},{\"@type\":\"ListItem\",\"position\":2,\"name\":\"Fr\u00e9d\u00e9ric Berne et ses tr\u00e9sors du Beaujolais : nouvelle p\u00e9pite des paniers garnis lyonnais\"}]},{\"@type\":\"WebSite\",\"@id\":\"https:\/\/ruedesproducteurs.fr\/pro\/#website\",\"url\":\"https:\/\/ruedesproducteurs.fr\/pro\/\",\"name\":\"\",\"description\":\"\",\"potentialAction\":[{\"@type\":\"SearchAction\",\"target\":{\"@type\":\"EntryPoint\",\"urlTemplate\":\"https:\/\/ruedesproducteurs.fr\/pro\/?s={search_term_string}\"},\"query-input\":\"required name=search_term_string\"}],\"inLanguage\":\"fr-FR\"},{\"@type\":\"Person\",\"@id\":\"https:\/\/ruedesproducteurs.fr\/pro\/#\/schema\/person\/18dcbac66a890039f5b1d0f504e7307d\",\"name\":\"StevE_adMIn76_2016\",\"image\":{\"@type\":\"ImageObject\",\"inLanguage\":\"fr-FR\",\"@id\":\"https:\/\/ruedesproducteurs.fr\/pro\/#\/schema\/person\/image\/\",\"url\":\"https:\/\/secure.gravatar.com\/avatar\/078f40bbafbb4b5e5bc8cf848cc5aba8?s=96&d=mm&r=g\",\"contentUrl\":\"https:\/\/secure.gravatar.com\/avatar\/078f40bbafbb4b5e5bc8cf848cc5aba8?s=96&d=mm&r=g\",\"caption\":\"StevE_adMIn76_2016\"},\"sameAs\":[\"http:\/\/dev-scope.fr\/pro\"],\"url\":\"https:\/\/ruedesproducteurs.fr\/pro\/author\/steve_admin76_2016\/\"}]}<\/script>\n<!-- \/ Yoast SEO plugin. -->","yoast_head_json":{"title":"Paniers garnis lyonnais et Beaujolais Bio","description":"Paniers garnis lyonnais sans Beaujolais !? H\u00e9r\u00e9sie. Aussi sommes-nous fiers de vous pr\u00e9senter Fr\u00e9d\u00e9ric Berne, vigneron bio et dynamique !","robots":{"index":"index","follow":"follow","max-snippet":"max-snippet:-1","max-image-preview":"max-image-preview:large","max-video-preview":"max-video-preview:-1"},"canonical":"https:\/\/ruedesproducteurs.fr\/pro\/beaujolais-frederic-berne-nouvelle-pepite-des-paniers-garnis-lyonnais\/","og_locale":"fr_FR","og_type":"article","og_title":"Paniers garnis lyonnais et Beaujolais Bio","og_description":"Paniers garnis lyonnais sans Beaujolais !? H\u00e9r\u00e9sie. Aussi sommes-nous fiers de vous pr\u00e9senter Fr\u00e9d\u00e9ric Berne, vigneron bio et dynamique !","og_url":"https:\/\/ruedesproducteurs.fr\/pro\/beaujolais-frederic-berne-nouvelle-pepite-des-paniers-garnis-lyonnais\/","article_published_time":"2025-08-19T07:51:57+00:00","article_modified_time":"2025-08-19T08:54:06+00:00","og_image":[{"width":2560,"height":1707,"url":"https:\/\/ruedesproducteurs.fr\/pro\/wp-content\/uploads\/2025\/08\/panier-garni-lyonnais_beaujolais-scaled.jpg","type":"image\/jpeg"}],"author":"StevE_adMIn76_2016","twitter_card":"summary_large_image","twitter_misc":{"\u00c9crit par":"StevE_adMIn76_2016","Dur\u00e9e de lecture estim\u00e9e":"6 minutes"},"schema":{"@context":"https:\/\/schema.org","@graph":[{"@type":"WebPage","@id":"https:\/\/ruedesproducteurs.fr\/pro\/beaujolais-frederic-berne-nouvelle-pepite-des-paniers-garnis-lyonnais\/","url":"https:\/\/ruedesproducteurs.fr\/pro\/beaujolais-frederic-berne-nouvelle-pepite-des-paniers-garnis-lyonnais\/","name":"Paniers garnis lyonnais et Beaujolais Bio","isPartOf":{"@id":"https:\/\/ruedesproducteurs.fr\/pro\/#website"},"datePublished":"2025-08-19T07:51:57+00:00","dateModified":"2025-08-19T08:54:06+00:00","author":{"@id":"https:\/\/ruedesproducteurs.fr\/pro\/#\/schema\/person\/18dcbac66a890039f5b1d0f504e7307d"},"description":"Paniers garnis lyonnais sans Beaujolais !? H\u00e9r\u00e9sie. Aussi sommes-nous fiers de vous pr\u00e9senter Fr\u00e9d\u00e9ric Berne, vigneron bio et dynamique !","breadcrumb":{"@id":"https:\/\/ruedesproducteurs.fr\/pro\/beaujolais-frederic-berne-nouvelle-pepite-des-paniers-garnis-lyonnais\/#breadcrumb"},"inLanguage":"fr-FR","potentialAction":[{"@type":"ReadAction","target":["https:\/\/ruedesproducteurs.fr\/pro\/beaujolais-frederic-berne-nouvelle-pepite-des-paniers-garnis-lyonnais\/"]}]},{"@type":"BreadcrumbList","@id":"https:\/\/ruedesproducteurs.fr\/pro\/beaujolais-frederic-berne-nouvelle-pepite-des-paniers-garnis-lyonnais\/#breadcrumb","itemListElement":[{"@type":"ListItem","position":1,"name":"Accueil","item":"https:\/\/ruedesproducteurs.fr\/pro\/"},{"@type":"ListItem","position":2,"name":"Fr\u00e9d\u00e9ric Berne et ses tr\u00e9sors du Beaujolais : nouvelle p\u00e9pite des paniers garnis lyonnais"}]},{"@type":"WebSite","@id":"https:\/\/ruedesproducteurs.fr\/pro\/#website","url":"https:\/\/ruedesproducteurs.fr\/pro\/","name":"","description":"","potentialAction":[{"@type":"SearchAction","target":{"@type":"EntryPoint","urlTemplate":"https:\/\/ruedesproducteurs.fr\/pro\/?s={search_term_string}"},"query-input":"required name=search_term_string"}],"inLanguage":"fr-FR"},{"@type":"Person","@id":"https:\/\/ruedesproducteurs.fr\/pro\/#\/schema\/person\/18dcbac66a890039f5b1d0f504e7307d","name":"StevE_adMIn76_2016","image":{"@type":"ImageObject","inLanguage":"fr-FR","@id":"https:\/\/ruedesproducteurs.fr\/pro\/#\/schema\/person\/image\/","url":"https:\/\/secure.gravatar.com\/avatar\/078f40bbafbb4b5e5bc8cf848cc5aba8?s=96&d=mm&r=g","contentUrl":"https:\/\/secure.gravatar.com\/avatar\/078f40bbafbb4b5e5bc8cf848cc5aba8?s=96&d=mm&r=g","caption":"StevE_adMIn76_2016"},"sameAs":["http:\/\/dev-scope.fr\/pro"],"url":"https:\/\/ruedesproducteurs.fr\/pro\/author\/steve_admin76_2016\/"}]}},"_links":{"self":[{"href":"https:\/\/ruedesproducteurs.fr\/pro\/wp-json\/wp\/v2\/posts\/1956"}],"collection":[{"href":"https:\/\/ruedesproducteurs.fr\/pro\/wp-json\/wp\/v2\/posts"}],"about":[{"href":"https:\/\/ruedesproducteurs.fr\/pro\/wp-json\/wp\/v2\/types\/post"}],"author":[{"embeddable":true,"href":"https:\/\/ruedesproducteurs.fr\/pro\/wp-json\/wp\/v2\/users\/1"}],"replies":[{"embeddable":true,"href":"https:\/\/ruedesproducteurs.fr\/pro\/wp-json\/wp\/v2\/comments?post=1956"}],"version-history":[{"count":41,"href":"https:\/\/ruedesproducteurs.fr\/pro\/wp-json\/wp\/v2\/posts\/1956\/revisions"}],"predecessor-version":[{"id":2002,"href":"https:\/\/ruedesproducteurs.fr\/pro\/wp-json\/wp\/v2\/posts\/1956\/revisions\/2002"}],"wp:featuredmedia":[{"embeddable":true,"href":"https:\/\/ruedesproducteurs.fr\/pro\/wp-json\/wp\/v2\/media\/1958"}],"wp:attachment":[{"href":"https:\/\/ruedesproducteurs.fr\/pro\/wp-json\/wp\/v2\/media?parent=1956"}],"wp:term":[{"taxonomy":"category","embeddable":true,"href":"https:\/\/ruedesproducteurs.fr\/pro\/wp-json\/wp\/v2\/categories?post=1956"},{"taxonomy":"post_tag","embeddable":true,"href":"https:\/\/ruedesproducteurs.fr\/pro\/wp-json\/wp\/v2\/tags?post=1956"}],"curies":[{"name":"wp","href":"https:\/\/api.w.org\/{rel}","templated":true}]}}